{"id":1794,"date":"2024-04-16T14:29:41","date_gmt":"2024-04-16T12:29:41","guid":{"rendered":"https:\/\/test.ccvhs.fr\/?post_type=actualites&#038;p=1794"},"modified":"2025-02-17T14:29:59","modified_gmt":"2025-02-17T13:29:59","slug":"la-classe-de-cm1-de-lecole-maurice-gerard-du-mele-sur-sarthe-recoit-un-diplome-de-plantation-de-haie-pour-leur-engagement-environnemental","status":"publish","type":"actualites","link":"https:\/\/ccvhs.fr\/en\/actualites\/la-classe-de-cm1-de-lecole-maurice-gerard-du-mele-sur-sarthe-recoit-un-diplome-de-plantation-de-haie-pour-leur-engagement-environnemental\/","title":{"rendered":"La classe de CM1 de l\u2019\u00c9cole Maurice G\u00e9rard du M\u00eale-sur-Sarthe re\u00e7oit un dipl\u00f4me de plantation de haie pour leur engagement environnemental"},"content":{"rendered":"","protected":false},"author":1,"featured_media":0,"template":"","class_list":["post-1794","actualites","type-actualites","status-publish","hentry"],"acf":[],"_links":{"self":[{"href":"https:\/\/ccvhs.fr\/en\/wp-json\/wp\/v2\/actualites\/1794","targetHints":{"allow":["GET"]}}],"collection":[{"href":"https:\/\/ccvhs.fr\/en\/wp-json\/wp\/v2\/actualites"}],"about":[{"href":"https:\/\/ccvhs.fr\/en\/wp-json\/wp\/v2\/types\/actualites"}],"author":[{"embeddable":true,"href":"https:\/\/ccvhs.fr\/en\/wp-json\/wp\/v2\/users\/1"}],"wp:attachment":[{"href":"https:\/\/ccvhs.fr\/en\/wp-json\/wp\/v2\/media?parent=1794"}],"curies":[{"name":"wp","href":"https:\/\/api.w.org\/{rel}","templated":true}]}}