{"id":1760,"date":"2024-02-26T14:05:46","date_gmt":"2024-02-26T13:05:46","guid":{"rendered":"https:\/\/test.ccvhs.fr\/?post_type=actualites&#038;p=1760"},"modified":"2025-02-17T14:06:11","modified_gmt":"2025-02-17T13:06:11","slug":"reunion-sur-la-precarite-et-laccessibilite-alimentaire-acteurs-mobilises-pour-un-avenir-solidaire","status":"publish","type":"actualites","link":"https:\/\/ccvhs.fr\/en\/actualites\/reunion-sur-la-precarite-et-laccessibilite-alimentaire-acteurs-mobilises-pour-un-avenir-solidaire\/","title":{"rendered":"R\u00e9union sur la Pr\u00e9carit\u00e9 et l\u2019Accessibilit\u00e9 Alimentaire : Acteurs mobilis\u00e9s pour un avenir solidaire"},"content":{"rendered":"","protected":false},"author":1,"featured_media":0,"template":"","class_list":["post-1760","actualites","type-actualites","status-publish","hentry"],"acf":[],"_links":{"self":[{"href":"https:\/\/ccvhs.fr\/en\/wp-json\/wp\/v2\/actualites\/1760","targetHints":{"allow":["GET"]}}],"collection":[{"href":"https:\/\/ccvhs.fr\/en\/wp-json\/wp\/v2\/actualites"}],"about":[{"href":"https:\/\/ccvhs.fr\/en\/wp-json\/wp\/v2\/types\/actualites"}],"author":[{"embeddable":true,"href":"https:\/\/ccvhs.fr\/en\/wp-json\/wp\/v2\/users\/1"}],"wp:attachment":[{"href":"https:\/\/ccvhs.fr\/en\/wp-json\/wp\/v2\/media?parent=1760"}],"curies":[{"name":"wp","href":"https:\/\/api.w.org\/{rel}","templated":true}]}}